{"id":327,"date":"2026-02-27T23:59:16","date_gmt":"2026-02-27T23:59:16","guid":{"rendered":"https:\/\/amzer-dremenet.fr\/wordpress\/?p=327"},"modified":"2026-03-08T23:58:39","modified_gmt":"2026-03-08T23:58:39","slug":"la-triste-histoire-de-jean-cloarec","status":"publish","type":"post","link":"https:\/\/amzer-dremenet.fr\/wordpress\/?p=327","title":{"rendered":"La triste histoire de Jean Cloarec"},"content":{"rendered":"\n<div class=\"wp-block-group is-vertical is-layout-flex wp-container-core-group-is-layout-1 wp-block-group-is-layout-flex\">\n<p><em>Le 16 juin 1864 se mariaient \u00e0 Ploar\u00e9, Herv\u00e9 Friant, ag\u00e9 de 26 ans, n\u00e9 le 15 d\u00e9cembre 1837 \u00e0 Ploar\u00e9, fils de Th\u00e9pault Friant d\u00e9c\u00e9d\u00e9 le 28 octobre 1838 et de Marie-Anne Seznec, et Marie-Anne Cloarec, ag\u00e9e de 25 ans, n\u00e9e le 29 d\u00e9cembre 1838, fille de Jean Cloarec et de Marie-Anne H\u00e9naff<\/em><sup data-fn=\"8c8638a3-d432-4df8-a350-1752b1269eda\" class=\"fn\"><a href=\"#8c8638a3-d432-4df8-a350-1752b1269eda\" id=\"8c8638a3-d432-4df8-a350-1752b1269eda-link\">1<\/a><\/sup><em>.<\/em><\/p>\n\n\n\n<figure class=\"wp-block-image size-full\"><a href=\"https:\/\/amzer-dremenet.fr\/wordpress\/wp-content\/uploads\/2026\/02\/famille-Cloarec.jpg\"><img loading=\"lazy\" decoding=\"async\" width=\"825\" height=\"1024\" src=\"https:\/\/amzer-dremenet.fr\/wordpress\/wp-content\/uploads\/2026\/02\/famille-Cloarec.jpg\" alt=\"\" class=\"wp-image-336\" srcset=\"https:\/\/amzer-dremenet.fr\/wordpress\/wp-content\/uploads\/2026\/02\/famille-Cloarec.jpg 825w, https:\/\/amzer-dremenet.fr\/wordpress\/wp-content\/uploads\/2026\/02\/famille-Cloarec-242x300.jpg 242w, https:\/\/amzer-dremenet.fr\/wordpress\/wp-content\/uploads\/2026\/02\/famille-Cloarec-768x953.jpg 768w, https:\/\/amzer-dremenet.fr\/wordpress\/wp-content\/uploads\/2026\/02\/famille-Cloarec-730x906.jpg 730w\" sizes=\"auto, (max-width: 825px) 100vw, 825px\" \/><\/a><\/figure>\n\n\n\n<p><em>Beaucoup de parents et voisins \u00e9taient pr\u00e9sents lors de la r\u00e9daction de l\u2019acte scellant l\u2019union, mais une personne ne put assister au d\u00e9roulement de ce mariage, cette personne n\u2019\u00e9tait autre que le p\u00e8re de la mari\u00e9e, \u00ab&nbsp;interdit par jugement du tribunal civil de Quimper, en date du 29 avril 1862\u00bb.<\/em><em><\/em><\/p>\n\n\n\n<p><em>Pourquoi avait-on interdit \u00e0 cet homme d\u2019assister au mariage de sa fille&nbsp;? Ignorant ce que signifiait interdit dans ce contexte, c\u2019\u00e9tait la question que je me posais \u00e0 l\u2019\u00e9poque de la lecture de l\u2019acte.<\/em><\/p>\n\n\n\n<p><em>Mais la r\u00e9ponse que je vous propose de d\u00e9couvrir n\u2019aura finalement aucun lien avec ce mariage, car la question que j\u2019aurais d\u00fb me poser \u00e0 l\u2019\u00e9poque o\u00f9 j\u2019entrepris ces quelques recherches, fut plus simplement&nbsp;: Pourquoi Jean Cloarec \u00e9tait-il interdit&nbsp;?&nbsp; .<\/em><\/p>\n\n\n\n<p><em>A travers ces quelques lignes, j\u2019esp\u00e8re aussi donner l\u2019envie \u00e0 d\u2019avantages de g\u00e9n\u00e9alogistes de mener leurs investigations plus loin que dans les registres d\u2019\u00e9tat civil, pour se rapprocher un peu plus de nos anc\u00e8tres\u2026<\/em><\/p>\n<\/div>\n\n\n\n<p><\/p>\n\n\n\n<h3 class=\"wp-block-heading\"><strong><u>Pr\u00e9sentation des sources utilis\u00e9es :<\/u><\/strong><\/h3>\n\n\n\n<p>Avant d&#8217;entrer dans le vif du sujet, afin de comprendre ma d\u00e9marche et le fait que je ne vais pas pr\u00e9senter les faits chronologiquement, une courte pr\u00e9sentation des sources ayant permis cette recherche est n\u00e9cessaire.<\/p>\n\n\n\n<ul class=\"wp-block-list\">\n<li>Le registre contenant l&#8217;acte de mariage du 16 juin 1864 se trouve aux archives de la ville de Douarnenez.<\/li>\n\n\n\n<li>Aux archives d\u00e9partementales les archives judiciaires post-r\u00e9volutionnaires se trouvent dans la s\u00e9rie U. La date pr\u00e9cis\u00e9e dans cet acte 29 avril 1862et le type de juridiction (tribunal civil) nous permet de trouver la c\u00f4te de la liasse contenant le jugement : 15 U 74.<\/li>\n\n\n\n<li>Dans ce jugement il est fait r\u00e9f\u00e9rence \u00e0 la requ\u00eate formul\u00e9e ant\u00e9rieurement par Marie-Anne Le H\u00e9naff en date du 25 f\u00e9vrier 1862. On y apprend aussi que le conseil de famille a \u00e9t\u00e9 r\u00e9uni le 17 mars 1862 devant le juge de paix du canton de Douarnenez, et que conform\u00e9ment \u00e0 la loi Jean Cloarec devra subir un interrogatoire le 13 mai suivant.<\/li>\n\n\n\n<li>La requ\u00eate de Marie-Anne Le H\u00e9naff du 25 f\u00e9vrier 1862 ainsi que l&#8217;interrogatoire du 13 mai 1862 ont eu lieu devant ce m\u00eame tribunal civil. Par cons\u00e9quent, et par chance, ces deux comparutions ayant eu lieu en 1862, les deux actes correspondants se trouvent dans la m\u00eame liasse 15 U 74, contenant le premier jugement recherch\u00e9.<\/li>\n\n\n\n<li>La convocation du conseil de famille ayant eu lieu devant la justice du canton de Douarnenez, les minutes des jugements concernant cette juridiction se trouvent dans la sous-s\u00e9rie 32 U 8<\/li>\n\n\n\n<li>Dans cette s\u00e9rie 32 U, on trouve aussi les registres contenant les listes de tous les jugments rendus par la justice de Paix de Douarnenez. Par exemple le registre 32 U 1 \/ 16 couvre les ann\u00e9es 1842-1845. Par curiosit\u00e9, j&#8217;ai pris un peu de temps pour chercher si des jugements faisaient intervenir quelques anc\u00eatres. Et effectivement, non seulement plusieurs de mes anc\u00eatres y sont mentionn\u00e9s, mais on y trouve encore notre Jean Cloarec dans des actes en date du 25 juin 1828, 24 mars 1832, 31 mars 1838, 4 d\u00e9cembre 1844\u2026<\/li>\n<\/ul>\n\n\n\n<p><\/p>\n\n\n\n<h3 class=\"wp-block-heading\"><u>Les faits<\/u><\/h3>\n\n\n\n<p>Le contenu du jugement du 29 avril 1862 est assez succint et fait surtout r\u00e9f\u00e9rences aux proc\u00e9dures pr\u00e9c\u00e9dantes. On retiendra surtout la conclusion du tribunal: <em>&#8220;Le tribunal [\u2026], vu la d\u00e9lib\u00e9ration du conseil de famille de Jean Cloarec en date du dix sept mars 1862, enregistr\u00e9, et apr\u00e8s avoir d\u00e9lib\u00e9r\u00e9, faisant droit sur la requ\u00eate de l&#8217;autre part, ordonne que Jean Cloarec, dont l&#8217;interdiction est provoqu\u00e9e, sera assign\u00e9 \u00e0 compara\u00eetre en la chambre du conseil du tribunal, le mardi treize mai prochain, heure de midi, pour y subir l&#8217;interrogatoire pr\u00e9vu par la loi, en pr\u00e9sence de monsieur le procureur imp\u00e9rial&#8221;.<\/em><\/p>\n\n\n\n<p>La d\u00e9lib\u00e9ration du conseil de famille \u00e9tait la suivante :<\/p>\n\n\n\n<div class=\"wp-block-group is-vertical is-layout-flex wp-container-core-group-is-layout-2 wp-block-group-is-layout-flex\">\n<p><em>&#8220;L&#8217;an mil huit cent soixante deux, le dix sept du mois de mars,<\/em><\/p>\n\n\n\n<p><em>Devant nous, Louis B\u00e9l\u00e9guic, Juge de paix du canton de Douarnenez, arrondissement de Quimper, d\u00e9partement du Finist\u00e8re, assist\u00e9 du sieur Jean-Louis Gentric, greffier,<\/em><\/p>\n\n\n\n<p><em>A comparu Marie-Anne Le H\u00e9naff, femme Jean Cloarec, cultivatrice et propri\u00e9taire demeurant au lieu de Kerarm\u00e9nez en la commune de Ploar\u00e9, section du Juch; Laquelle nous a expos\u00e9 que ledit Jean Cloarec, son mari, aussi cultivateur et propri\u00e9taire, demeurant avec elle audit lieu de Kerarm\u00e9nez, est atteint, depuis des ann\u00e9es d&#8217;ali\u00e9nation mentale, et que son \u00e9tat de sant\u00e9 loin de&nbsp; s&#8217;am\u00e9liorer, devenant de plus en plus mauvais, et en m\u00eame temps aussi de plus en plus pr\u00e9judiciable aux int\u00e9r\u00eats de ses enfants, elle a dans le but de faire cesser cet \u00e9tat de choses, adress\u00e9 une demande en interdiction au tribunal civil de Quimper, que ce tribunal, par jugement en date du vingt-cinq f\u00e9vrier dernier, enregistr\u00e9, a ordonn\u00e9 avant de faire droit \u00e0 cette demande, que le conseil de famille de son mari serait convoqu\u00e9 devant nous pour donner son avis sur l&#8217;\u00e9tat mental de cet homme, et que, conform\u00e9ment aux dispositions du jugement pr\u00e9cit\u00e9 dont elle nous a pr\u00e9sent\u00e9 une exp\u00e9dition, elle a convoqu\u00e9 \u00e0 l&#8217;amiable aujourd&#8217;hui devant nous les membres composant le conseil de famille, tant au paternel, qu&#8217;au maternel, tels et ainsi qu&#8217;ils sont ci apr\u00e8s d\u00e9nomm\u00e9s et qualifi\u00e9s, savoir:<\/em><\/p>\n<\/div>\n\n\n\n<div class=\"wp-block-group is-vertical is-layout-flex wp-container-core-group-is-layout-3 wp-block-group-is-layout-flex\">\n<p><em>1\u00b0 Fran\u00e7ois Mathurin Keroulas, ancien propri\u00e9taire et cultivateur demeurant \u00e0 Tal ar Roz en la commune de Ploar\u00e9, beau-fr\u00e8re<\/em><\/p>\n\n\n\n<p><em>2\u00b0 Louis Cloarec, cultivateur demeurant \u00e0 Quillianvet en la commune de Plon\u00e9is, cousin germain<\/em><\/p>\n\n\n\n<p><em>3\u00b0 Jean Castrec, cultivateur demeurant \u00e0 Moustoulgoat Hu\u00e9la en la commune de Pouldergat, cousin-germain<\/em><\/p>\n\n\n\n<p><em>4\u00b0 Yves Gueguen, cultivateur demeurant \u00e0 Kermabguennou en la commune de Guengat, neuveu par alliance<\/em><\/p>\n\n\n\n<p><em>5\u00b0 Guillaume Manuel, cultivateur demeurant au Reun en Ploar\u00e9 neveu par alliance<\/em><\/p>\n\n\n\n<p><em>6\u00b0 Jean-Pierre Cloarec, cultivateur demeurant \u00e0 Landanet en Ploar\u00e9, neuveu<\/em><\/p>\n<\/div>\n\n\n\n<p><em>Lesquels comparants r\u00e9unis en conseil de famille sous notrs pr\u00e9sidence, apr\u00e8s avoir entendu lecture dudit jugement du vingt-cinq f\u00e9vrier dernier, que nous leur avons donn\u00e9e, et avoir d\u00e9lib\u00e9r\u00e9 avec nous sur l&#8217;objet de leur r\u00e9union, ont, d&#8217;un avis unanime, d\u00e9clar\u00e9 qu&#8217;il y a lieu et m\u00eame urgence d&#8217;interdire ledit Jean Cloarec pour cause d&#8217;ali\u00e9nation mentale et pour l&#8217;emp\u00eacher de nuire plus longtemps aux int\u00e9r\u00eats de sa famille, et \u00e9mis le d\u00e9sir que sa femme soit nomm\u00e9e sa tutrice.<\/em><\/p>\n\n\n\n<p><em>Et de tout ce que dessus, nous avons dress\u00e9 le pr\u00e9sent acte que nous avons sign\u00e9 avec le greffier et ledit Guillaume Manuel, tous les autres comparants ayant d\u00e9clar\u00e9 ne le savoir faire de ce individuellement requis apr\u00e8s lecture, lesdits jour, mois et ans.&#8221;<\/em><\/p>\n\n\n\n<p>&nbsp;&nbsp;&nbsp;&nbsp;&nbsp;&nbsp;&nbsp;&nbsp;&nbsp;&nbsp;&nbsp; La gravit\u00e9 de l&#8217;\u00e9tat mental de Jean Cloarec semble donc tr\u00e8s importante, mais on s&#8217;en rend d&#8217;avantage compte en lisant la requ\u00eate de Marie-Anne Le H\u00e9naff qui eu lieu le 18 f\u00e9vrier, soit 7 jours avant que soit rendu le jugement convoquant le conseil de famille :<\/p>\n\n\n\n<figure class=\"wp-block-image size-large\"><a href=\"https:\/\/amzer-dremenet.fr\/wordpress\/wp-content\/uploads\/2026\/02\/ChatGPT-Image-28-fevr.-2026-a-00_39_53.png\"><img loading=\"lazy\" decoding=\"async\" width=\"1024\" height=\"683\" src=\"https:\/\/amzer-dremenet.fr\/wordpress\/wp-content\/uploads\/2026\/02\/ChatGPT-Image-28-fevr.-2026-a-00_39_53-1024x683.png\" alt=\"\" class=\"wp-image-331\" srcset=\"https:\/\/amzer-dremenet.fr\/wordpress\/wp-content\/uploads\/2026\/02\/ChatGPT-Image-28-fevr.-2026-a-00_39_53-1024x683.png 1024w, https:\/\/amzer-dremenet.fr\/wordpress\/wp-content\/uploads\/2026\/02\/ChatGPT-Image-28-fevr.-2026-a-00_39_53-300x200.png 300w, https:\/\/amzer-dremenet.fr\/wordpress\/wp-content\/uploads\/2026\/02\/ChatGPT-Image-28-fevr.-2026-a-00_39_53-768x512.png 768w, https:\/\/amzer-dremenet.fr\/wordpress\/wp-content\/uploads\/2026\/02\/ChatGPT-Image-28-fevr.-2026-a-00_39_53-730x487.png 730w, https:\/\/amzer-dremenet.fr\/wordpress\/wp-content\/uploads\/2026\/02\/ChatGPT-Image-28-fevr.-2026-a-00_39_53.png 1536w\" sizes=\"auto, (max-width: 1024px) 100vw, 1024px\" \/><\/a><\/figure>\n\n\n\n<div class=\"wp-block-group is-vertical is-layout-flex wp-container-core-group-is-layout-4 wp-block-group-is-layout-flex\">\n<p><em>&#8220;\u00c0 M. le pr\u00e9sident du tribunal civil de Quimper,<\/em><\/p>\n\n\n\n<p><em>a l&#8217;honneur d&#8217;exposer Marie Le H\u00e9naff \u00e9pouse de Jean Cloarec, cultivatrice, demeurant au lieu de Keramenez en la commune de Ploar\u00e9,<\/em><\/p>\n\n\n\n<p><em>que ledit Jean Cloarec, son mari, se trouve depuis longtemps dans un \u00e9tat d&#8217;ali\u00e9nation mentale qui s&#8217;aggrave au point qu&#8217;elle se voit forcer de provoquer son interdiction.<\/em><\/p>\n\n\n\n<p><em>Leur mariage a eu lieu en 1827. Ils ont eu quatre enfants. L&#8217;affection mentale de son mari date de 1838 ou 1839. Il avait de fr\u00e9quentes hallucinations et il se croyait poursuivi par les d\u00e9mons. Il ne travaillait plus, allait et venait sans aucun but, et paraissait toujours fort agit\u00e9. En 1844 sa d\u00e9mence \u00e9tait caract\u00e9ris\u00e9e par l&#8217;id\u00e9e fixe de la possession d\u00e9moniaque. Il s&#8217;\u00e9tait adress\u00e9 \u00e0 plusieurs personnes pour solliciter d\u2019elles de le d\u00e9livrer des malins esprits.<\/em><\/p>\n\n\n\n<p><em>Il vint au mois d&#8217;avril 1844 consulter feu Me le Guillou avou\u00e9. Celui-ci s&#8217;aper\u00e7ut bient\u00f4t du d\u00e9rangement de ses facult\u00e9s intellectuelles. Il voulait que M. le Guillou f\u00eet justice des goriquet qui, disait-il, l&#8217;avait guillotin\u00e9 deux fois. Il mena\u00e7ait de mettre le feu sur ces goriquet.<\/em><\/p>\n\n\n\n<p><em>M. le Guillou lui conseilla de s&#8217;adresser au directeur de l&#8217;asile St Athanase, et de se placer dans cet \u00e9tablissement o\u00f9 l&#8217;on trouverait les moyens de chasser les diables qui le tourmentaient.<\/em><\/p>\n\n\n\n<p><em>Il venait aussi souvent trouver M. Bernhard alors procureur du roi \u00e0 Quimper pour le prier de gu\u00e9rir, de renvoyer les diables dont il \u00e9tait poss\u00e9d\u00e9 et qui le tourmentaient sans cesse.<\/em><\/p>\n\n\n\n<p><em>Ce magistrat reconnu bient\u00f4t que Cloarec \u00e9tait atteint d&#8217;une d\u00e9mence qui s&#8217;exaltait en \u00e9t\u00e9 et pouvait devenir dangereuse.<\/em><\/p>\n\n\n\n<p><em>Il \u00e9crivit en cons\u00e9quence M. le pr\u00e9fet le 18 ao\u00fbt 1844, qu&#8217;il \u00e9tait opportun d&#8217;autoriser l&#8217;admission de cet insens\u00e9 \u00e0 l&#8217;hospice des ali\u00e9n\u00e9s.<\/em><\/p>\n\n\n\n<p><em>Cloarec est effectivement rentrer dans l&#8217;\u00e9tablissement le 22 du m\u00eame mois d&#8217;ao\u00fbt 1844.<\/em><\/p>\n\n\n\n<p><em>D&#8217;apr\u00e8s les renseignements consign\u00e9s sur son dossier Cloarec mena\u00e7ait de mettre le feu, si l&#8217;on ne parvenait pas \u00e0 le d\u00e9barrasser des goriquet, des malins esprits. Il donnait beaucoup de pr\u00e9occupation dans le service par sa turbulence, ses cris, son agitation et ses hallucinations. Il ne cherchait qu&#8217;\u00e0 s&#8217;\u00e9vader, toujours pour se soustraire aux d\u00e9mons. Il s&#8217;adressait \u00e0 tout le monde en suppliant de lui rendre le service de conjurer ces d\u00e9mons.<\/em><\/p>\n\n\n\n<figure class=\"wp-block-image size-full\"><a href=\"https:\/\/amzer-dremenet.fr\/wordpress\/wp-content\/uploads\/2026\/02\/Gemini_Generated_Image_1zsnah1zsnah1zsn.png\"><img loading=\"lazy\" decoding=\"async\" width=\"928\" height=\"1152\" src=\"https:\/\/amzer-dremenet.fr\/wordpress\/wp-content\/uploads\/2026\/02\/Gemini_Generated_Image_1zsnah1zsnah1zsn.png\" alt=\"\" class=\"wp-image-348\" srcset=\"https:\/\/amzer-dremenet.fr\/wordpress\/wp-content\/uploads\/2026\/02\/Gemini_Generated_Image_1zsnah1zsnah1zsn.png 928w, https:\/\/amzer-dremenet.fr\/wordpress\/wp-content\/uploads\/2026\/02\/Gemini_Generated_Image_1zsnah1zsnah1zsn-242x300.png 242w, https:\/\/amzer-dremenet.fr\/wordpress\/wp-content\/uploads\/2026\/02\/Gemini_Generated_Image_1zsnah1zsnah1zsn-825x1024.png 825w, https:\/\/amzer-dremenet.fr\/wordpress\/wp-content\/uploads\/2026\/02\/Gemini_Generated_Image_1zsnah1zsnah1zsn-768x953.png 768w, https:\/\/amzer-dremenet.fr\/wordpress\/wp-content\/uploads\/2026\/02\/Gemini_Generated_Image_1zsnah1zsnah1zsn-730x906.png 730w\" sizes=\"auto, (max-width: 928px) 100vw, 928px\" \/><\/a><\/figure>\n\n\n\n<p><em>Au mois de mars 1846, il se montrait plus calme ; les hallucinations \u00e9taient moins fr\u00e9quentes ; il ne parlait plus de son id\u00e9e fixe ; son \u00e9tat paraissait s&#8217;\u00eatre am\u00e9lior\u00e9.<\/em><\/p>\n\n\n\n<p><em>On sollicita sa sortie. Le directeur de l&#8217;asile ne crut pas devoir s&#8217;y opposer, tout en faisant remarquer que ce maniaque ne serait jamais compl\u00e8tement gu\u00e9ri de ses r\u00eaveries.<\/em><\/p>\n\n\n\n<p><em>Pendant quelque temps, il s&#8217;est montr\u00e9 assez paisible, \u00e0 part les bizarreries que pr\u00e9sente son caract\u00e8re. Mais il ne s&#8217;occupait de rien ; il ne surveillait rien.<\/em><\/p>\n\n\n\n<p><em>Depuis quelques ann\u00e9es il para\u00eet encore plus mobile, plus capricieux, plus agit\u00e9. Il est revenu <\/em>\u00e0 ses<em> hallucinations ; il se croit toujours poursuivi par les d\u00e9mons, par les malin esprits. Il court \u00e7\u00e0 et l\u00e0 cherchant quelqu&#8217;un qui puisse le d\u00e9livrer de ses goriquets. Ces hallucinations prennent de la consistance et de la dur\u00e9e. Il tourmente tout le monde ; il entrave l&#8217;exploitation ; il devient un objet de crainte pour sa femme et ses enfants qu&#8217;il maltraite souvent.<\/em><\/p>\n\n\n\n<p><em>D&#8217;un autre c\u00f4t\u00e9, ses filles, dont l&#8217;une est \u00e2g\u00e9e de 31 ans et l&#8217;autre de 24 ans, ont trouv\u00e9 \u00e0 s&#8217;\u00e9tablir avantageusement. Cloarec ne veut pas qu&#8217;elles se marient et il se livre alors \u00e0 des acc\u00e8s de col\u00e8re et des menaces.<\/em><\/p>\n\n\n\n<p><em>Il para\u00eet certain qu&#8217;\u00e0 l&#8217;\u00e2ge o\u00f9 est Cloarec, cette folie \u00e0 type p\u00e9riodique et inv\u00e9t\u00e9r\u00e9e ne peut laisser aucune chance d&#8217;am\u00e9lioration et que son affection peut \u00eatre consid\u00e9r\u00e9e comme incurable.<\/em><\/p>\n\n\n\n<p><em>En cons\u00e9quence l&#8217;exposant requiert qu&#8217;il vous plaise, M. le pr\u00e9sident, attendu que l&#8217;ali\u00e9nation mentale de Jean Cloarec, son mari n&#8217;est que trop notoire, et que, au terme de l&#8217;article 489 du code Napol\u00e9on, le majeur qui se trouve dans un \u00e9tat habituel d&#8217;imb\u00e9cillit\u00e9, de d\u00e9mence ou de fureur doit \u00eatre interdit lors m\u00eame que cette \u00e9tat pr\u00e9sente des intervalles lucides, autoriser la requ\u00e9rante \u00e0 la poursuite de ses droits et actions et ester en jugement relativement \u00e0 la pr\u00e9sente demande ; commettre lieu de Messieurs les juges pour faire rapport sur cette requ\u00eate, apr\u00e8s communication au minist\u00e8re public pour passer de ce rapport et de l&#8217;accomplissement de toutes les formalit\u00e9s prescrites par la loi, \u00eatre de l&#8217;interdiction de Jean Cloarec son mari, prononc\u00e9e par le tribunal sur les conclusions du minist\u00e8re public.<\/em><\/p>\n\n\n\n<p><em>\u00c0 l&#8217;appui de sa demande la requ\u00e9rante pr\u00e9sente pour t\u00e9moins :<\/em><\/p>\n\n\n\n<p><em>1\u00b0 le sieur Fran\u00e7ois Mathurin Keroullas \u00e9poux de Jeanne Cloarec, propri\u00e9taire et cultivateur, demeurant au village de Torrenros en la commune de Ploar\u00e9&nbsp;;<\/em><\/p>\n\n\n\n<p><em>2\u00b0 M Bell\u00e9guic Juge de paix du canton de Douarnenez&nbsp;;<\/em><\/p>\n\n\n\n<p><em>3\u00b0 M Le Clech notaire \u00e0 Douarnenez&nbsp;;<\/em><\/p>\n\n\n\n<p><em>4\u00b0 M Auguste Halna du Fretay maire de la commune de Ploar\u00e9&nbsp;;<\/em><\/p>\n\n\n\n<p><em>5\u00b0 Le sieur nomm\u00e9 le Friant, cultivateur, demeurant au lieu de Keristin en la m\u00eam commune de Ploar\u00e9.<\/em><\/p>\n\n\n\n<p><em>&nbsp;&nbsp;&nbsp;&nbsp;&nbsp; Quimper le 18 f\u00e9vrier 1862<\/em><\/p>\n\n\n\n<p><em>&nbsp;&nbsp;&nbsp;&nbsp;&nbsp;&nbsp;&nbsp;&nbsp;&nbsp;&nbsp;&nbsp;&nbsp;&nbsp;&nbsp;&nbsp;&nbsp;&nbsp;&nbsp;&nbsp;&nbsp;&nbsp;&nbsp;&nbsp;&nbsp;&nbsp;&nbsp;&nbsp;&nbsp;&nbsp;&nbsp;&nbsp;&nbsp;&nbsp;&nbsp;&nbsp;&nbsp;&nbsp;&nbsp;&nbsp;&nbsp; Guyot<\/em><\/p>\n\n\n\n<p><em>Nous juge doyen de la chambre civile du tribunal en autorisons la requ\u00e9rante \u00e0 \u00eatre en justice sur sa demande, ordonnant la communication au minist\u00e8re public et commettons M. Turin juge pour faire rapport sur la pr\u00e9sente requ\u00eate.<\/em><\/p>\n\n\n\n<p><em>&nbsp;&nbsp;&nbsp;&nbsp;&nbsp; \u00c0 Quimper le 19 f\u00e9vrier 1862,<\/em><\/p>\n\n\n\n<p><em>&nbsp;&nbsp;&nbsp;&nbsp;&nbsp;&nbsp;&nbsp;&nbsp;&nbsp;&nbsp;&nbsp;&nbsp;&nbsp;&nbsp;&nbsp;&nbsp;&nbsp; pour le pr\u00e9sident emp\u00each\u00e9,<\/em><\/p>\n\n\n\n<p><em>&nbsp;&nbsp;&nbsp;&nbsp;&nbsp;&nbsp;&nbsp;&nbsp;&nbsp;&nbsp;&nbsp;&nbsp;&nbsp;&nbsp;&nbsp;&nbsp;&nbsp;&nbsp;&nbsp;&nbsp;&nbsp;&nbsp;&nbsp;&nbsp;&nbsp;&nbsp;&nbsp;&nbsp;&nbsp;&nbsp;&nbsp;&nbsp;&nbsp;&nbsp;&nbsp;&nbsp;&nbsp;&nbsp;&nbsp;&nbsp; Camenen<\/em><\/p>\n\n\n\n<p>&nbsp;&nbsp;&nbsp;&nbsp;&nbsp;&nbsp;&nbsp;&nbsp;&nbsp;&nbsp;&nbsp;&nbsp;&nbsp;&nbsp;&nbsp;&nbsp;&nbsp;&nbsp;&nbsp;&nbsp;&nbsp;&nbsp;&nbsp; le procureur imp\u00e9rial au si\u00e8ge de Quimper.&#8221;<\/p>\n<\/div>\n\n\n\n<p>Cloarec semble souffrir de graves hallucinations, mais son interrogatoire ne laisse aucun doute sur la perte de ses facult\u00e9s mentales:<\/p>\n\n\n\n<figure class=\"wp-block-image size-full\"><a href=\"https:\/\/amzer-dremenet.fr\/wordpress\/wp-content\/uploads\/2026\/02\/unnamed.jpg\"><img loading=\"lazy\" decoding=\"async\" width=\"825\" height=\"1024\" src=\"https:\/\/amzer-dremenet.fr\/wordpress\/wp-content\/uploads\/2026\/02\/unnamed.jpg\" alt=\"\" class=\"wp-image-333\" srcset=\"https:\/\/amzer-dremenet.fr\/wordpress\/wp-content\/uploads\/2026\/02\/unnamed.jpg 825w, https:\/\/amzer-dremenet.fr\/wordpress\/wp-content\/uploads\/2026\/02\/unnamed-242x300.jpg 242w, https:\/\/amzer-dremenet.fr\/wordpress\/wp-content\/uploads\/2026\/02\/unnamed-768x953.jpg 768w, https:\/\/amzer-dremenet.fr\/wordpress\/wp-content\/uploads\/2026\/02\/unnamed-730x906.jpg 730w\" sizes=\"auto, (max-width: 825px) 100vw, 825px\" \/><\/a><\/figure>\n\n\n\n<div class=\"wp-block-group is-vertical is-layout-flex wp-container-core-group-is-layout-5 wp-block-group-is-layout-flex\">\n<p><em>&#8221; L&#8217;an mil huit cent soixante deux, le treize mai \u00e0 onze heures du matin;<\/em><\/p>\n\n\n\n<p><em>En la chambre du conseil du tribunal civil de premi\u00e8re instance s\u00e9ant \u00e0 Quimper; Pr\u00e9sents Monsieur Voyer, pr\u00e9sident et Messieurs Turin et Claret, juges; Monsieur Michel, substitut du procureur imp\u00e9rial et Ma\u00eetre Cloarec, greffier, tenant la plume;<\/em><\/p>\n\n\n\n<p><em>En ex\u00e9cution d&#8217;un jugement de ce tribunal en date du vingt cinq f\u00e9vrier dernier, enregistr\u00e9 le vingt-sept et d&#8217;un autre jugement rendu par le m\u00eame tribunal, le vingt neuf avril aussi dernier, enregistr\u00e9 le premier mai courant fixant \u00e0 ce jour, l&#8217;interrogatoire de Jean Cloarec, dont l&#8217;interdiction est poursuivie, il a \u00e9t\u00e9 proc\u00e9d\u00e9 comme suit au dit interrogatoire, par l&#8217;organe du sieur Jean Marie Le Grignoux, \u00e2g\u00e9 de quarante quatre ans, instituteur, demeurant \u00e0 Quimper que Monsieur le pr\u00e9sident a nomm\u00e9 d&#8217;office pour interpr\u00e8te en la langue bretonne et lequel a pr\u00eat\u00e9 le serment de traduire fidellement les discours \u00e0 transmettre entre ceux qui parlent de langages diff\u00e9rents.<\/em><\/p>\n\n\n\n<p><em>d: Quels sont vos nom, pr\u00e9nom, \u00e2ge, profession, lieux de naissance et de demeure?<\/em><\/p>\n\n\n\n<p><em>R: Anciennement fils d&#8217;un Cloarec, aujourd&#8217;hui pape, j&#8217;ai m\u00eame envie d&#8217;\u00eatre Roi, parce que ce n&#8217;est pas assez de prier Dieu, il faut \u00eatre assez puissant pour punir les m\u00e9chants. Je n&#8217;avais pas grande envie de poss\u00e9der sa dignit\u00e9, mais il le faut bien, pour arriver \u00e0 punir les coupables<\/em><\/p>\n\n\n\n<p><em>d: Savez-vous quel est votre \u00e2ge?<\/em><\/p>\n\n\n\n<p><em>R: L&#8217;\u00e9poque o\u00f9 je suis n\u00e9 de l&#8217;homme et de la femme, est le huit mai 1802. Il y a un million de date depuis que les m\u00e9chants sont autour de moi, mais la v\u00e9ritable date est de vingt sept ans environ, on pourrait savoir toutes ces dates, en prenant un peu de temps pour compter.<\/em><\/p>\n\n\n\n<p><em>d: Pourriez-vous nous dire ce que c&#8217;est que les m\u00e9chants dont vous parlez et pourquoi ils s&#8217;attardent \u00e0 vous poursuivre?<\/em><\/p>\n\n\n\n<p><em>R: C&#8217;est Keroullas qui demeure dans le manoir l\u00e0-bas et sa femme qui a \u00e9t\u00e9 ma s\u0153ur, je lui ai cependant donn\u00e9 tout son bien et j&#8217;ai une quittance d&#8217;elle. Ils veulent que je leur emm\u00e8ne Jesus Christ et que je fasse le mal avec lui, mais j&#8217;ignore ce qu&#8217;ils veulent dire par l\u00e0.<\/em><\/p>\n\n\n\n<p><em>d: Quelqu&#8217;un n&#8217;a-t-il pas cherch\u00e9 \u00e0 vous prot\u00e9ger contre vos ennemis?<\/em><\/p>\n\n\n\n<p><em>R: Si, l&#8217;huissier Le Haff \u00e0 qui j&#8217;avais donn\u00e9 vingt \u00e9cus, il y a dix ans de cela, il avait pris le lieu de l&#8217;acte, et il avait [illisible] condamn\u00e9 \u00e0 mort.<\/em><\/p>\n\n\n\n<p><em>d: N&#8217;avez vous pas d&#8217;autres ennemis que votre beau-fr\u00e8re et votre s\u0153ur?<\/em><\/p>\n\n\n\n<p><em>R: Oui, il y a encore Alain Le Floch de Keristin qui a tu\u00e9 environ quinze cent mille hommes, sans que je puisse compter au juste parce que le nombre est un peu fort.<\/em><\/p>\n\n\n\n<p><em>d: Vous avez deux filles, \u00e2g\u00e9es l&#8217;une de trente et un ans et l&#8217;autre de vingt-quatre ans, toutes deux ont trouv\u00e9 \u00e0 s&#8217;\u00e9tablir avantageusement et cependant il para\u00eet que vous vous oppposez \u00e0 leur mariage, pourquoi cela?<\/em><\/p>\n\n\n\n<p><em>R: J&#8217;aurai consenti au mariage de mes filles si j&#8217;avais trouv\u00e9 des gendres capable de me d\u00e9fendre et de chasser les d\u00e9mons.<\/em><\/p>\n\n\n\n<p><em>d: Vous \u00eates donc aussi tourment\u00e9 par les d\u00e9mons?<\/em><\/p>\n\n\n\n<p><em>R: Oui, cependant ce sont des hommes comme les autres et qui n&#8217;ont pas l&#8217;air bien m\u00e9chant, dumoins quelques uns d&#8217;entr&#8217;eux. Mais il y en a un qui quoiqu&#8217;\u00e9tant d&#8217;une taille \u00e0 peu pr\u00e8s ordinaire, a un courage de diable et serait capable d&#8217;arr\u00eater \u00e0 lui seul un chemin de fer.<\/em><\/p>\n\n\n\n<p><em>d: Connaissez-vous l&#8217;importance et l&#8217;\u00e9tendue de votre propri\u00e9t\u00e9?<\/em><\/p>\n\n\n\n<p><em>R: Mon domaine s&#8217;\u00e9tend depuis Ploar\u00e9 jusqu&#8217;\u00e0 Paris et m\u00eame jusqu&#8217;en Russie. J&#8217;aurais mille royaumes \u00e0 gouverner, si je parvenais \u00e0 dompter les m\u00e9chants. J&#8217;ai m\u00eame des droits dur la Jud\u00e9e.<\/em><\/p>\n\n\n\n<p><em>En l&#8217;endroit, nous avons pr\u00e9sent\u00e9 \u00e0 l&#8217;interrog\u00e9 une pi\u00e8ce de dix francs en or, une de cinq francs en argent, une d&#8217;un franc, une de cinquante centimes et une pi\u00e8ce de cinq centimes de Betton et lui avons demand\u00e9 s&#8217;il en connaissait la valeur.<\/em><\/p>\n\n\n\n<p><em>L&#8217;interrog\u00e9 apr\u00e8s les avoir examin\u00e9 avec soin, les a tr\u00e8s bien reconnues et nous a exactement&nbsp; indiqu\u00e9 la valeur de chacune.<\/em> Lecture donn\u00e9e en Breton par l&#8217;interpr\u00e8te \u00e0 l&#8217;interrog\u00e9 de son interrogatoire, il a dit persist\u00e9 et a sign\u00e9 avec les membres du tribunal, le substitut du procureur imp\u00e9rial, l&#8217;interpr\u00e8te et le greffier.&#8221;<\/p>\n<\/div>\n\n\n\n<p><\/p>\n\n\n\n<h3 class=\"wp-block-heading\"><strong><u>Les &#8220;pr\u00e9mices&#8221; de l&#8217;ali\u00e9nation mentale de Cloarec :<\/u><\/strong><\/h3>\n\n\n\n<p>&nbsp;&nbsp;&nbsp;&nbsp;&nbsp;&nbsp;&nbsp;&nbsp;&nbsp;&nbsp;&nbsp; Les diff\u00e9rents jugements rendus dans les premi\u00e8res ann\u00e9es de la vie de Cloarec montrent qu&#8217;il n&#8217;\u00e9tait pas tr\u00e8s commode : &#8220;L&#8217;an mil huit cent vingt huit, le vingt cinq juin dix heures du matin, [\u2026] est aussi comparu Jean Cloarec aux qualit\u00e9 &amp; demeure que dessus, lequel a dit qu&#8217;il ne payerait rien, pour indemnit\u00e9, que s&#8217;il a coup\u00e9 des arbres, il les a coup\u00e9s parce qu&#8217;il en avait le droit ; que depuis qu&#8217;il demeure \u00e0 Keramenez, il a toujours us\u00e9 de cette facult\u00e9 sans opposition. &amp; a d\u00e9clar\u00e9 ne vouloir signer.&#8221;<\/p>\n\n\n\n<figure class=\"wp-block-image size-large\"><a href=\"https:\/\/amzer-dremenet.fr\/wordpress\/wp-content\/uploads\/2026\/02\/ChatGPT-Image-8-mars-2026-a-23_17_47.png\"><img loading=\"lazy\" decoding=\"async\" width=\"683\" height=\"1024\" src=\"https:\/\/amzer-dremenet.fr\/wordpress\/wp-content\/uploads\/2026\/02\/ChatGPT-Image-8-mars-2026-a-23_17_47-683x1024.png\" alt=\"\" class=\"wp-image-344\" srcset=\"https:\/\/amzer-dremenet.fr\/wordpress\/wp-content\/uploads\/2026\/02\/ChatGPT-Image-8-mars-2026-a-23_17_47-683x1024.png 683w, https:\/\/amzer-dremenet.fr\/wordpress\/wp-content\/uploads\/2026\/02\/ChatGPT-Image-8-mars-2026-a-23_17_47-200x300.png 200w, https:\/\/amzer-dremenet.fr\/wordpress\/wp-content\/uploads\/2026\/02\/ChatGPT-Image-8-mars-2026-a-23_17_47-768x1152.png 768w, https:\/\/amzer-dremenet.fr\/wordpress\/wp-content\/uploads\/2026\/02\/ChatGPT-Image-8-mars-2026-a-23_17_47-730x1095.png 730w, https:\/\/amzer-dremenet.fr\/wordpress\/wp-content\/uploads\/2026\/02\/ChatGPT-Image-8-mars-2026-a-23_17_47.png 1024w\" sizes=\"auto, (max-width: 683px) 100vw, 683px\" \/><\/a><\/figure>\n\n\n\n<p><\/p>\n\n\n\n<p>&nbsp;&nbsp;&nbsp;&nbsp;&nbsp;&nbsp;&nbsp;&nbsp;&nbsp;&nbsp;&nbsp; Le 24 mars 1832, pour un proc\u00e8s l&#8217;opposant \u00e0 Pierre-Marie Le Doar\u00e9 propri\u00e9taire du domaine cong\u00e9able de Keramenez, Jean Cloarec ne prend m\u00eame pas la peine de venir au tribunal dont le jugement se termine ainsi :&#8221;Apr\u00e8s avoir attendu jusqu&#8217;\u00e0 une heure de l&#8217;apr\u00e8s midi sans que les defendeurs aux qualit\u00e9s et demeure que dessus aient comparu ni en personnes ni par fond\u00e9 de pouvoir, Nous juge de paix avons donn\u00e9 d\u00e9faut faute de comparoir contre les susdits Jean Le Cloarec et femme et pour le profit, les condamnons aux d\u00e9pens tax\u00e9s \u00e0 treize francs soixante-quinze centimes non compris les co\u00fbts et lev\u00e9e du pr\u00e9sent jugement en quoi ils sont aussi condamn\u00e9s[\u2026]&#8221;.<\/p>\n\n\n\n<p>&nbsp;&nbsp;&nbsp;&nbsp;&nbsp;&nbsp;&nbsp;&nbsp;&nbsp;&nbsp;&nbsp; Enfin, la d\u00e9lib\u00e9ration du conseil de famille du 4 d\u00e9cembre 1844 nous confirme que c&#8217;est bien \u00e0 la suite de probl\u00e8mes li\u00e9s \u00e0 la tenue de sa propri\u00e9t\u00e9 que son premier internemen eu lieu. Ainsi m\u00eame si l&#8217;avis du conseil de famille quant \u00e0 l&#8217;ali\u00e9nation de Jean Cloarec n&#8217;\u00e9tait pas unanime, l&#8217; un ayant &#8220;r\u00e9pondu qu\u2019il ne le croyait pas fou, qu\u2019il le voyait travailler et qu\u2019il faisait bien ses march\u00e9s&#8221;, l&#8217;autre &#8220;qu\u2019il n\u2019\u00e9tait pas apte \u00e0 d\u00e9cider sur l\u2019\u00e9tat de son beau-fr\u00e8re, attendu qu\u2019il avait tr\u00e8s peu de relation avec lui&#8221;, un autre &#8220;que son oncle Jean Cloarec \u00e9tait tout \u00e0 fait fou, qu\u2019il en avait des preuves convaincantes&#8221;, ou encore &#8220;qu\u2019il croyait bien aussi son oncle fou, qu\u2019il avait peu de relation avec lui, mais que toutes les fois qu\u2019il a eu occasion de le rencontrer, il s\u2019est apper\u00e7u qu\u2019il divagait toujours&#8221;; l&#8217;avis de sa femme est plus argument\u00e9, laquelle &#8220;a dit qu\u2019elle est mari\u00e9e depuis seize ans, que les six ou sept premi\u00e8res ann\u00e9es de son mariage son mari n\u2019avait donn\u00e9 aucun signe d\u2019ali\u00e9nation, qu\u2019il \u00e9tait tr\u00e8s laborieux, bon p\u00e8re et bon mari, mais que depuis pr\u00e8s de neuf ans, apr\u00e8s le cong\u00e9ment du lieu de Keramenez en Ploar\u00e9 dont il se croyait seul et unique propri\u00e9taire, il avait compl\u00e8tement perdu la raison, qu\u2019il \u00e9tait souvent furieux, ce qu\u2019elle pourrait prouver au besoin par tous ses voisins.&#8221;<\/p>\n\n\n\n<p>&nbsp;&nbsp;&nbsp;&nbsp;&nbsp;&nbsp;&nbsp;&nbsp;&nbsp;&nbsp;&nbsp; Et on conna\u00eet la suite\u2026<\/p>\n\n\n\n<p><\/p>\n\n\n\n<h3 class=\"wp-block-heading\"><strong><u>Epilogue<\/u><\/strong><\/h3>\n\n\n\n<p>&nbsp;&nbsp;&nbsp;&nbsp;&nbsp;&nbsp;&nbsp;&nbsp;&nbsp;&nbsp;&nbsp; Jean Cloarec d\u00e9c\u00e8dera \u00e0 75 ans, le 8 novembre 1877, chez lui \u00e0 Keramenez. Faut-il croire qu&#8217;encore une fois il sera autoris\u00e9 \u00e0 quitter l&#8217;asile Saint-Athanase ? L&#8217;acc\u00e8s \u00e0 son dossier m\u00e9dical nous aurait permis d&#8217;en savoir encore un peu plus sur la fin de sa vie. Cependant, le d\u00e9lai de 150 ans n&#8217;\u00e9tant pas encore atteint, une autorisation exceptionnelle aurait \u00e9t\u00e9 n\u00e9cessaire. Mais je pense que d&#8217;autres anc\u00eatres m\u00e9ritent aussi de sortir de l&#8217;oubli, alors laissons l&#8217;histoire de Cloarec se finir ainsi\u2026<\/p>\n\n\n\n<h2 class=\"wp-block-heading\">Les dates importantes dans la vie de Jean Cloarec :<\/h2>\n\n\n\n<ul class=\"wp-block-list\">\n<li>27\/04\/1802 naissance de Jean Cloarec<\/li>\n\n\n\n<li>12\/03\/1828 mariage de Jean Cloarec avec Marie-Anne Le H\u00e9naff<\/li>\n\n\n\n<li>25\/06\/1828 non-conciliation entre Jean Cloarec et Henri Marie de Carbonel de Cassisi<\/li>\n\n\n\n<li>24\/03\/1830 jugement par d\u00e9faut portant renvoye au tribunal comp\u00e9tent pour nomination d&#8217;expert entre Le Doar\u00e9 et Cloarec<\/li>\n\n\n\n<li>31\/05\/1838 non-conciliation entre Jean Cloarec et femme, et Yves Le Bihan et femme, de Ploar\u00e9<\/li>\n\n\n\n<li>29\/12\/1838 naissance de Marie-Anne Cloarec<\/li>\n\n\n\n<li>04\/12\/1844 avis de parents sur l&#8217;\u00e9tat mental de Jean Cloarec de Ploar\u00e9<\/li>\n\n\n\n<li>__\/03\/1846 Jean Cloarec sort de l&#8217;asile<\/li>\n\n\n\n<li>28\/05\/1850 non-conciliation entre Jean Cloarec et Pierre Kervarec<\/li>\n\n\n\n<li>25\/02\/1862 requ\u00eate de Marie-Anne Le H\u00e9naff pour l&#8217;interdication de Jean Cloarec<\/li>\n\n\n\n<li>17\/03\/1862 Conseil de famille de Jean Cloarec<\/li>\n\n\n\n<li>29\/04\/1862 Jugement fixant l&#8217;interdiction de Jean Cloarec<\/li>\n\n\n\n<li>13\/05\/1862 Interrogatoire de Jean Cloarec<\/li>\n\n\n\n<li>21\/07\/1862 Tutelle institu\u00e9e de Jean Cloarec<\/li>\n\n\n\n<li>16\/06\/1864 Mariage de Marie-Anne Cloarec avec Herv\u00e9 Friant<\/li>\n\n\n\n<li>08\/11\/1877 d\u00e9c\u00e8s de Jean Cloarec \u00e0 Keramenez<\/li>\n<\/ul>\n\n\n<ol class=\"wp-block-footnotes\"><li id=\"8c8638a3-d432-4df8-a350-1752b1269eda\">Article initialement publi\u00e9 dans Le Lien. Centre g\u00e9n\u00e9alogique du Finist\u00e8re, 2003, n\u00b0 87, p. 28-33. Je le republie ici car j&#8217;ai d\u00e9couvert r\u00e9cemment que son costume \u00e9tait au mus\u00e9e d\u00e9partemental breton  : <a href=\"https:\/\/www.instagram.com\/p\/DUJW19MgqJG\/?img_index=1\">https:\/\/www.instagram.com\/p\/DUJW19MgqJG\/?img_index=1<\/a> <a href=\"#8c8638a3-d432-4df8-a350-1752b1269eda-link\" aria-label=\"Jump to footnote reference 1\">\u21a9\ufe0e<\/a><\/li><\/ol>\n\n\n<p><\/p>\n","protected":false},"excerpt":{"rendered":"<p>Le 16 juin 1864 se mariaient \u00e0 Ploar\u00e9, Herv\u00e9 Friant, ag\u00e9 de 26 ans, n\u00e9 le 15 d\u00e9cembre 1837 \u00e0 Ploar\u00e9, fils de Th\u00e9pault Friant d\u00e9c\u00e9d\u00e9 le 28 octobre 1838 et de Marie-Anne Seznec, et Marie-Anne Cloarec, ag\u00e9e de 25 ans, n\u00e9e le 29 d\u00e9cembre 1838, fille de Jean Cloarec et de Marie-Anne H\u00e9naff. Beaucoup &#8230;<\/p>\n<p><a href=\"https:\/\/amzer-dremenet.fr\/wordpress\/?p=327\" class=\"more-link\">Continue reading &lsquo;La triste histoire de Jean Cloarec&rsquo; &raquo;<\/a><\/p>\n","protected":false},"author":1,"featured_media":0,"comment_status":"open","ping_status":"open","sticky":false,"template":"","format":"standard","meta":{"footnotes":"[{\"content\":\"Article initialement publi\u00e9 dans Le Lien. Centre g\u00e9n\u00e9alogique du Finist\u00e8re, 2003, n\u00b0 87, p. 28-33. Je le republie ici car j'ai d\u00e9couvert r\u00e9cemment que son costume \u00e9tait au mus\u00e9e d\u00e9partemental breton  : <a href=\\\"https:\/\/www.instagram.com\/p\/DUJW19MgqJG\/?img_index=1\\\">https:\/\/www.instagram.com\/p\/DUJW19MgqJG\/?img_index=1<\/a>\",\"id\":\"8c8638a3-d432-4df8-a350-1752b1269eda\"}]"},"categories":[1],"tags":[],"class_list":["post-327","post","type-post","status-publish","format-standard","hentry","category-non-classe"],"_links":{"self":[{"href":"https:\/\/amzer-dremenet.fr\/wordpress\/index.php?rest_route=\/wp\/v2\/posts\/327","targetHints":{"allow":["GET"]}}],"collection":[{"href":"https:\/\/amzer-dremenet.fr\/wordpress\/index.php?rest_route=\/wp\/v2\/posts"}],"about":[{"href":"https:\/\/amzer-dremenet.fr\/wordpress\/index.php?rest_route=\/wp\/v2\/types\/post"}],"author":[{"embeddable":true,"href":"https:\/\/amzer-dremenet.fr\/wordpress\/index.php?rest_route=\/wp\/v2\/users\/1"}],"replies":[{"embeddable":true,"href":"https:\/\/amzer-dremenet.fr\/wordpress\/index.php?rest_route=%2Fwp%2Fv2%2Fcomments&post=327"}],"version-history":[{"count":19,"href":"https:\/\/amzer-dremenet.fr\/wordpress\/index.php?rest_route=\/wp\/v2\/posts\/327\/revisions"}],"predecessor-version":[{"id":355,"href":"https:\/\/amzer-dremenet.fr\/wordpress\/index.php?rest_route=\/wp\/v2\/posts\/327\/revisions\/355"}],"wp:attachment":[{"href":"https:\/\/amzer-dremenet.fr\/wordpress\/index.php?rest_route=%2Fwp%2Fv2%2Fmedia&parent=327"}],"wp:term":[{"taxonomy":"category","embeddable":true,"href":"https:\/\/amzer-dremenet.fr\/wordpress\/index.php?rest_route=%2Fwp%2Fv2%2Fcategories&post=327"},{"taxonomy":"post_tag","embeddable":true,"href":"https:\/\/amzer-dremenet.fr\/wordpress\/index.php?rest_route=%2Fwp%2Fv2%2Ftags&post=327"}],"curies":[{"name":"wp","href":"https:\/\/api.w.org\/{rel}","templated":true}]}}